{"id":2361,"date":"2015-07-28T13:45:27","date_gmt":"2015-07-28T13:45:27","guid":{"rendered":"http:\/\/www.baya-consulting.com\/news\/?p=2361"},"modified":"2023-05-30T14:56:58","modified_gmt":"2023-05-30T14:56:58","slug":"temoignage-consultant-muriel-meynard","status":"publish","type":"post","link":"https:\/\/www.baya-consulting.com\/news\/temoignage-consultant-muriel-meynard","title":{"rendered":"La Vie du R\u00e9seau Baya : T\u00e9moignage de Murielle Meynard, \u00ab\u00a0Entre Lyon &#038; Vous\u00a0\u00bb"},"content":{"rendered":"<p><a href=\"https:\/\/fr.linkedin.com\/pub\/murielle-meynard\/31\/445\/363\" target=\"_blank\" rel=\"noopener\">Murielle Meynard<\/a>, ancienne juriste, a choisi le portage en 2011 lors de la cr\u00e9ation de <a href=\"http:\/\/www.entrelyonetvous.fr\/\" target=\"_blank\" rel=\"noopener\">Entre Lyon &amp; Vous<\/a>. Elle souhaitait alors tester l&rsquo;activit\u00e9 de consultante en \u00e9v\u00e9nementiel aupr\u00e8s des entreprises et des associations.<\/p>\n<p>Murielle revient aujourd&rsquo;hui sur l\u2019op\u00e9ration \u00ab la Ru\u00e9e vers l\u2019Appart \u00bb de la SACVL qui s\u2019est d\u00e9roul\u00e9e du 29 juin au 4 juillet 2015 sur la p\u00e9niche Fargo amarr\u00e9e aux quais du Rh\u00f4ne.<\/p>\n<p><!--more--><\/p>\n<div id=\"attachment_2365\" style=\"width: 310px\" class=\"wp-caption alignright\"><img loading=\"lazy\" decoding=\"async\" aria-describedby=\"caption-attachment-2365\" class=\"wp-image-2365 size-medium\" src=\"http:\/\/www.baya-consulting.com\/news\/wp-content\/uploads\/2015\/07\/La-Ruee-vers-l-appart-Lyon-300x225.jpg\" alt=\"La p\u00e9niche de la ru\u00e9e vers l'appart - Lyon\" width=\"300\" height=\"225\" srcset=\"https:\/\/www.baya-consulting.com\/news\/wp-content\/uploads\/2015\/07\/La-Ruee-vers-l-appart-Lyon-300x225.jpg 300w, https:\/\/www.baya-consulting.com\/news\/wp-content\/uploads\/2015\/07\/La-Ruee-vers-l-appart-Lyon.jpg 720w\" sizes=\"auto, (max-width: 300px) 100vw, 300px\" \/><p id=\"caption-attachment-2365\" class=\"wp-caption-text\">La p\u00e9niche<\/p><\/div>\n<p>\u00ab\u00a0Lors de cet \u00e9v\u00e9nement annuel, la SACVL propose des appartements sur le Grand Lyon \u00e0 la location et \u00e0 la vente \u00e0 des conditions tr\u00e8s avantageuses.<\/p>\n<p><em><a href=\"http:\/\/www.entrelyonetvous.fr\/\" target=\"_blank\" rel=\"noopener\">Entre Lyon &amp; Vous<\/a><\/em>, en partenariat avec AMCD, a r\u00e9alis\u00e9 la d\u00e9coration et la logistique \u00e9v\u00e9nementielles : ambiance d\u00e9but de vacances sur la p\u00e9niche sous un soleil rayonnant !<\/p>\n<p>La p\u00e9niche \u00e9tant lou\u00e9e vide par le client, il a fallu imaginer le concept, g\u00e9rer l&rsquo;achat du mobilier et les livraisons.<\/p>\n<p>Le pont sup\u00e9rieur \u00e9tait consacr\u00e9 \u00e0 l&rsquo;accueil des visiteurs avec informations et rafra\u00eechissements, et le pont inf\u00e9rieur \u00e9tait r\u00e9serv\u00e9 aux commerciaux pour recevoir les clients d\u00e9sirant monter un dossier.<\/p>\n<p>Au bilan, un client satisfait par notre prestation, de bons contacts et de belles rencontres. Et pour le client, une semaine tr\u00e8s positive pour son activit\u00e9 !\u00a0\u00bb<\/p>\n<p>&nbsp;<\/p>\n<div id=\"attachment_2363\" style=\"width: 150px\" class=\"wp-caption alignright\"><a href=\"https:\/\/fr.linkedin.com\/pub\/murielle-meynard\/31\/445\/363\" target=\"_blank\" rel=\"noopener\"><img loading=\"lazy\" decoding=\"async\" aria-describedby=\"caption-attachment-2363\" class=\"wp-image-2363 size-full\" src=\"http:\/\/www.baya-consulting.com\/news\/wp-content\/uploads\/2015\/07\/Muriel-Meynard.jpg\" alt=\"Consultante en Portage Salarial - Murielle Meynard\" width=\"140\" height=\"185\" \/><\/a><p id=\"caption-attachment-2363\" class=\"wp-caption-text\">Murielle Meynard<\/p><\/div>\n<h2>Et le portage dans tout \u00e7a ?<\/h2>\n<p style=\"text-align: left;\"><em>\u00ab\u00a0J&rsquo;ai choisi une soci\u00e9t\u00e9 de portage\u00a0salarial Lyonnaise pour la simplicit\u00e9 administrative, la proximit\u00e9 et l&rsquo;accompagnement professionnel et convivial des \u00e9quipes de Baya Consulting.<\/em>\u00a0\u00bb explique Murielle.<\/p>\n<p>\u00catre consultant implique parfois d&rsquo;\u00eatre seul, le portage salarial permet \u00e0 Murielle de garder un contact professionnel gr\u00e2ce aux suivis des \u00e9quipes de Baya Consulting et surtout de profiter d&rsquo;un r\u00e9seau de consultants foisonnant.<br \/>\n<em>\u00ab\u00a0Mon premier contrat je l&rsquo;ai trouv\u00e9 suite \u00e0 une soir\u00e9e r\u00e9seau aupr\u00e8s de Baya.\u00a0\u00bb<\/em><\/p>\n<p style=\"text-align: left;\">Pour Contacter Murielle Meynard : Entre Lyon &amp; Vous,\u00a0<a href=\"https:\/\/fr.linkedin.com\/pub\/murielle-meynard\/31\/445\/363\" target=\"_blank\" rel=\"noopener\">LinkedIn<\/a>, <a href=\"https:\/\/www.facebook.com\/pages\/Entre-Lyon-Vous\/183024525067025\" target=\"_blank\" rel=\"noopener\">Facebook<\/a><\/p>\n<p>&nbsp;<\/p>\n","protected":false},"excerpt":{"rendered":"<p>Murielle Meynard, ancienne juriste, a choisi le portage en 2011 lors de la cr\u00e9ation de Entre Lyon &amp; Vous. Elle souhaitait alors tester l&rsquo;activit\u00e9 de consultante en \u00e9v\u00e9nementiel aupr\u00e8s des entreprises et des associations. Murielle revient aujourd&rsquo;hui sur l\u2019op\u00e9ration \u00ab la Ru\u00e9e vers l\u2019Appart \u00bb de la SACVL qui s\u2019est d\u00e9roul\u00e9e du 29 juin au [&hellip;]<\/p>\n","protected":false},"author":22,"featured_media":0,"comment_status":"closed","ping_status":"closed","sticky":false,"template":"","format":"standard","meta":{"footnotes":""},"categories":[105],"tags":[],"class_list":["post-2361","post","type-post","status-publish","format-standard","hentry","category-baya-consulting-en-region"],"aioseo_notices":[],"_links":{"self":[{"href":"https:\/\/www.baya-consulting.com\/news\/wp-json\/wp\/v2\/posts\/2361","targetHints":{"allow":["GET"]}}],"collection":[{"href":"https:\/\/www.baya-consulting.com\/news\/wp-json\/wp\/v2\/posts"}],"about":[{"href":"https:\/\/www.baya-consulting.com\/news\/wp-json\/wp\/v2\/types\/post"}],"author":[{"embeddable":true,"href":"https:\/\/www.baya-consulting.com\/news\/wp-json\/wp\/v2\/users\/22"}],"replies":[{"embeddable":true,"href":"https:\/\/www.baya-consulting.com\/news\/wp-json\/wp\/v2\/comments?post=2361"}],"version-history":[{"count":19,"href":"https:\/\/www.baya-consulting.com\/news\/wp-json\/wp\/v2\/posts\/2361\/revisions"}],"predecessor-version":[{"id":4646,"href":"https:\/\/www.baya-consulting.com\/news\/wp-json\/wp\/v2\/posts\/2361\/revisions\/4646"}],"wp:attachment":[{"href":"https:\/\/www.baya-consulting.com\/news\/wp-json\/wp\/v2\/media?parent=2361"}],"wp:term":[{"taxonomy":"category","embeddable":true,"href":"https:\/\/www.baya-consulting.com\/news\/wp-json\/wp\/v2\/categories?post=2361"},{"taxonomy":"post_tag","embeddable":true,"href":"https:\/\/www.baya-consulting.com\/news\/wp-json\/wp\/v2\/tags?post=2361"}],"curies":[{"name":"wp","href":"https:\/\/api.w.org\/{rel}","templated":true}]}}